{"id":31,"date":"2025-10-08T01:05:23","date_gmt":"2025-10-07T23:05:23","guid":{"rendered":"https:\/\/arbres.ovh\/?p=31"},"modified":"2025-10-08T01:43:38","modified_gmt":"2025-10-07T23:43:38","slug":"rentree-de-lassociation","status":"publish","type":"post","link":"https:\/\/arbres.ovh\/?p=31","title":{"rendered":"Rentr\u00e9e de l&#8217;association"},"content":{"rendered":"\n<p>La rentr\u00e9e de l\u2019association :<br>Samedi 6 septembre \u00e0 10h Parc Rapha\u00ebl<br>Dimanche 7 septembre \u00e0 14h CMA Cadenelle<\/p>\n","protected":false},"excerpt":{"rendered":"<p>La rentr\u00e9e de l\u2019association :Samedi 6 septembre \u00e0 10h Parc Rapha\u00eblDimanche 7 septembre \u00e0 14h CMA Cadenelle<\/p>\n","protected":false},"author":1,"featured_media":32,"comment_status":"open","ping_status":"open","sticky":false,"template":"","format":"standard","meta":{"footnotes":""},"categories":[5,4],"tags":[],"class_list":["post-31","post","type-post","status-publish","format-standard","has-post-thumbnail","hentry","category-cma-cadenelle","category-parc-raphael","entry"],"_links":{"self":[{"href":"https:\/\/arbres.ovh\/index.php?rest_route=\/wp\/v2\/posts\/31","targetHints":{"allow":["GET"]}}],"collection":[{"href":"https:\/\/arbres.ovh\/index.php?rest_route=\/wp\/v2\/posts"}],"about":[{"href":"https:\/\/arbres.ovh\/index.php?rest_route=\/wp\/v2\/types\/post"}],"author":[{"embeddable":true,"href":"https:\/\/arbres.ovh\/index.php?rest_route=\/wp\/v2\/users\/1"}],"replies":[{"embeddable":true,"href":"https:\/\/arbres.ovh\/index.php?rest_route=%2Fwp%2Fv2%2Fcomments&post=31"}],"version-history":[{"count":1,"href":"https:\/\/arbres.ovh\/index.php?rest_route=\/wp\/v2\/posts\/31\/revisions"}],"predecessor-version":[{"id":33,"href":"https:\/\/arbres.ovh\/index.php?rest_route=\/wp\/v2\/posts\/31\/revisions\/33"}],"wp:featuredmedia":[{"embeddable":true,"href":"https:\/\/arbres.ovh\/index.php?rest_route=\/wp\/v2\/media\/32"}],"wp:attachment":[{"href":"https:\/\/arbres.ovh\/index.php?rest_route=%2Fwp%2Fv2%2Fmedia&parent=31"}],"wp:term":[{"taxonomy":"category","embeddable":true,"href":"https:\/\/arbres.ovh\/index.php?rest_route=%2Fwp%2Fv2%2Fcategories&post=31"},{"taxonomy":"post_tag","embeddable":true,"href":"https:\/\/arbres.ovh\/index.php?rest_route=%2Fwp%2Fv2%2Ftags&post=31"}],"curies":[{"name":"wp","href":"https:\/\/api.w.org\/{rel}","templated":true}]}}